{"id":2831,"date":"2016-09-12T14:46:36","date_gmt":"2016-09-12T13:46:36","guid":{"rendered":"http:\/\/nsu-club.de\/?p=2831"},"modified":"2016-09-15T06:52:25","modified_gmt":"2016-09-15T05:52:25","slug":"nachruf-fred-doering","status":"publish","type":"post","link":"https:\/\/nsu-club.de\/?p=2831","title":{"rendered":"Nachruf Fred D\u00f6ring"},"content":{"rendered":"<p>Wir nehmen Abschied von unseren lieben Vereinskollegen Fred D\u00f6ring.<a href=\"https:\/\/nsu-club.de\/wp-content\/uploads\/2015\/04\/IMG_7082.jpg\"><img loading=\"lazy\" decoding=\"async\" class=\"aligncenter size-medium wp-image-583\" src=\"https:\/\/nsu-club.de\/wp-content\/uploads\/2015\/04\/IMG_7082-300x200.jpg\" alt=\"IMG_7082\" width=\"300\" height=\"200\" srcset=\"https:\/\/nsu-club.de\/wp-content\/uploads\/2015\/04\/IMG_7082-300x200.jpg 300w, https:\/\/nsu-club.de\/wp-content\/uploads\/2015\/04\/IMG_7082-1024x683.jpg 1024w\" sizes=\"auto, (max-width: 300px) 100vw, 300px\" \/><\/a>Er ist am 7.9.2016 von uns gegangen. Fred wurde am 29.2.1940 geboren und wurde 76 Jahre alt. Den Verein trat er am 24.10.1986 bei. In einen Monat w\u00e4re sein 30 J\u00e4hriges Vereinsjubil\u00e4um.<\/p>\n<p>Unsere Anteilnahme gilt unserer Elke, seinen Kindern und Angeh\u00f6rigen.<\/p>\n<p>Wir werden Dich vermissen lieber Fred. Danke f\u00fcr all die Bilder und Geschichten die Du erz\u00e4hlt hast. Du warst uns immer ein guter Kamerad.<\/p>\n<p>&#8222;Ihr gl\u00fccklichen Augen, was jeh ihr gesehen, es sei wie es wolle, es war doch so sch\u00f6n.&#8220;<\/p>\n<p><span class=\"st\">Johann Wolfgang von Goethe<\/span><\/p>\n<p>&nbsp;<\/p>\n<p>Die Beerdigung findet am Dienstag, den 20.9.16 um 14 Uhr am Friedhof in 96194 Walsdorf an der Aussegnungshalle statt.<\/p>\n","protected":false},"excerpt":{"rendered":"<p>Wir nehmen Abschied von unseren lieben Vereinskollegen Fred D\u00f6ring.Er ist am 7.9.2016 von uns gegangen. Fred wurde am 29.2.1940 geboren und wurde 76 Jahre alt. Den Verein trat er am 24.10.1986 bei. In einen Monat w\u00e4re sein 30 J\u00e4hriges Vereinsjubil\u00e4um. Unsere Anteilnahme gilt unserer Elke, seinen Kindern und Angeh\u00f6rigen. Wir werden Dich vermissen lieber Fred. Danke f\u00fcr all die Bilder und Geschichten die Du erz\u00e4hlt hast. Du warst uns immer ein guter Kamerad. &#8222;Ihr gl\u00fccklichen Augen, was jeh ihr gesehen, es sei wie es wolle, es war doch so sch\u00f6n.&#8220; Johann Wolfgang von Goethe &nbsp; Die Beerdigung findet am Dienstag, den 20.9.16 um 14 Uhr am Friedhof in 96194 Walsdorf &hellip; <a href=\"https:\/\/nsu-club.de\/?p=2831\" class=\"more-link\"><span class=\"screen-reader-text\">Nachruf Fred D\u00f6ring<\/span> weiterlesen<\/a><\/p>\n","protected":false},"author":1,"featured_media":0,"comment_status":"closed","ping_status":"closed","sticky":false,"template":"","format":"standard","meta":{"footnotes":""},"categories":[1],"tags":[],"class_list":["post-2831","post","type-post","status-publish","format-standard","hentry","category-uncategorized"],"_links":{"self":[{"href":"https:\/\/nsu-club.de\/index.php?rest_route=\/wp\/v2\/posts\/2831","targetHints":{"allow":["GET"]}}],"collection":[{"href":"https:\/\/nsu-club.de\/index.php?rest_route=\/wp\/v2\/posts"}],"about":[{"href":"https:\/\/nsu-club.de\/index.php?rest_route=\/wp\/v2\/types\/post"}],"author":[{"embeddable":true,"href":"https:\/\/nsu-club.de\/index.php?rest_route=\/wp\/v2\/users\/1"}],"replies":[{"embeddable":true,"href":"https:\/\/nsu-club.de\/index.php?rest_route=%2Fwp%2Fv2%2Fcomments&post=2831"}],"version-history":[{"count":12,"href":"https:\/\/nsu-club.de\/index.php?rest_route=\/wp\/v2\/posts\/2831\/revisions"}],"predecessor-version":[{"id":2847,"href":"https:\/\/nsu-club.de\/index.php?rest_route=\/wp\/v2\/posts\/2831\/revisions\/2847"}],"wp:attachment":[{"href":"https:\/\/nsu-club.de\/index.php?rest_route=%2Fwp%2Fv2%2Fmedia&parent=2831"}],"wp:term":[{"taxonomy":"category","embeddable":true,"href":"https:\/\/nsu-club.de\/index.php?rest_route=%2Fwp%2Fv2%2Fcategories&post=2831"},{"taxonomy":"post_tag","embeddable":true,"href":"https:\/\/nsu-club.de\/index.php?rest_route=%2Fwp%2Fv2%2Ftags&post=2831"}],"curies":[{"name":"wp","href":"https:\/\/api.w.org\/{rel}","templated":true}]}}